{"id":2122,"date":"2020-09-05T14:24:08","date_gmt":"2020-09-05T12:24:08","guid":{"rendered":"http:\/\/www.issigeac.info\/?p=2122"},"modified":"2020-09-05T14:27:00","modified_gmt":"2020-09-05T12:27:00","slug":"communique-agence-departementale-de-leau","status":"publish","type":"post","link":"http:\/\/www.issigeac.info\/?p=2122","title":{"rendered":"Communiqu\u00e9 &#8211; Agence D\u00e9partementale de l&#8217;eau"},"content":{"rendered":"\n<p class=\"has-medium-font-size\">Arr\u00eat\u00e9 pr\u00e9fectoral en vigueur \u00e0 compter du 4 septembre 2020<\/p>\n\n\n\n<p>Les \u00e9pisodes pluvieux des 21, 28 et 29 ao\u00fbt qui ont arros\u00e9 la plus grande partie du d\u00e9partement, ont permis aux cours d\u2019eau de conna\u00eetre un r\u00e9pit voire pour les principaux une remont\u00e9e significative. Pour l\u2019Isle, la Dronne, la V\u00e9z\u00e8re et la Dordogne la situation est favorable et stable.&nbsp;<\/p>\n\n\n\n<p>La campagne d\u2019irrigation est aujourd\u2019hui&nbsp;termin\u00e9e pour les grandes cultures, mais la situation d\u2019\u00e9tiage des cours d\u2019eau justifie la vigilance de tous les usagers.<\/p>\n\n\n\n<p>L\u2019\u00e9tiage reste prononc\u00e9 sur les cours d\u2019eau fragiles qui demeurent encore \u00e0 des niveaux bas, <strong>la Louyre<\/strong> vient de compl\u00e9ter la liste des cours d\u2019eau qui ont atteint le <strong>seuil de crise<\/strong>. <strong>La Nauze et l\u2019Euche<\/strong> viennent de franchir les premiers seuils de gestion de crise.<\/p>\n\n\n\n<p>Un arr\u00eat\u00e9 pr\u00e9fectoral du 2\u00a0septembre\u00a0portant mesures de restrictions de pr\u00e9l\u00e8vement d&#8217;eau dans le milieu naturel et la cartographie des mesure applicables au\u00a04 septembre\u00a02020 \u00e0 8 heures est paru.<\/p>\n\n\n\n<div class=\"wp-block-file\"><a href=\"http:\/\/www.issigeac.info\/wp-content\/uploads\/2020\/09\/Arrete-restriction-signe-du-20_08-annexe.pdf\">&gt; Arr\u00eat\u00e9 restriction sign\u00e9 du 20_08 + annexe<\/a><a href=\"http:\/\/www.issigeac.info\/wp-content\/uploads\/2020\/09\/Arrete-restriction-signe-du-20_08-annexe.pdf\" class=\"wp-block-file__button\" download>T\u00e9l\u00e9charger<\/a><\/div>\n\n\n\n<p><em>David FARGUE &#8211; Technicien Police de l&#8217;eau<\/em> \/ Gestion quantitative Direction D\u00e9partementale des Territoires de la Dordogne Service Eau, Environnement et Risques t\u00e9l. 05 53 45 56 34 \/ 06 48 70 61 24 <\/p>\n","protected":false},"excerpt":{"rendered":"<p>Arr\u00eat\u00e9 pr\u00e9fectoral en vigueur \u00e0 compter du 4 septembre 2020 Les \u00e9pisodes pluvieux des 21, 28 et 29 ao\u00fbt qui ont arros\u00e9 la plus grande partie du d\u00e9partement, ont permis <a class=\"more-link\" href=\"http:\/\/www.issigeac.info\/?p=2122\">Suite&hellip; &rarr;<\/a><\/p>\n","protected":false},"author":8,"featured_media":0,"comment_status":"closed","ping_status":"closed","sticky":false,"template":"","format":"standard","meta":{"footnotes":""},"categories":[1],"tags":[],"class_list":["post-2122","post","type-post","status-publish","format-standard","hentry","category-non-classe"],"_links":{"self":[{"href":"http:\/\/www.issigeac.info\/index.php?rest_route=\/wp\/v2\/posts\/2122","targetHints":{"allow":["GET"]}}],"collection":[{"href":"http:\/\/www.issigeac.info\/index.php?rest_route=\/wp\/v2\/posts"}],"about":[{"href":"http:\/\/www.issigeac.info\/index.php?rest_route=\/wp\/v2\/types\/post"}],"author":[{"embeddable":true,"href":"http:\/\/www.issigeac.info\/index.php?rest_route=\/wp\/v2\/users\/8"}],"replies":[{"embeddable":true,"href":"http:\/\/www.issigeac.info\/index.php?rest_route=%2Fwp%2Fv2%2Fcomments&post=2122"}],"version-history":[{"count":2,"href":"http:\/\/www.issigeac.info\/index.php?rest_route=\/wp\/v2\/posts\/2122\/revisions"}],"predecessor-version":[{"id":2125,"href":"http:\/\/www.issigeac.info\/index.php?rest_route=\/wp\/v2\/posts\/2122\/revisions\/2125"}],"wp:attachment":[{"href":"http:\/\/www.issigeac.info\/index.php?rest_route=%2Fwp%2Fv2%2Fmedia&parent=2122"}],"wp:term":[{"taxonomy":"category","embeddable":true,"href":"http:\/\/www.issigeac.info\/index.php?rest_route=%2Fwp%2Fv2%2Fcategories&post=2122"},{"taxonomy":"post_tag","embeddable":true,"href":"http:\/\/www.issigeac.info\/index.php?rest_route=%2Fwp%2Fv2%2Ftags&post=2122"}],"curies":[{"name":"wp","href":"https:\/\/api.w.org\/{rel}","templated":true}]}}